{"id":154971,"date":"2026-08-28T11:34:59","date_gmt":"2026-08-28T15:34:59","guid":{"rendered":"https:\/\/lamaisonnee.org\/?p=154971"},"modified":"2026-08-28T11:34:59","modified_gmt":"2026-08-28T15:34:59","slug":"cuisiner-ensemble-ici","status":"publish","type":"post","link":"https:\/\/lamaisonnee.org\/fr\/cuisiner-ensemble-ici\/","title":{"rendered":"Cuisiner ensemble ici !"},"content":{"rendered":"","protected":false},"excerpt":{"rendered":"","protected":false},"author":4,"featured_media":154972,"comment_status":"closed","ping_status":"open","sticky":false,"template":"","format":"standard","meta":{"_acf_changed":false,"footnotes":""},"categories":[25],"class_list":["post-154971","post","type-post","status-publish","format-standard","has-post-thumbnail","hentry","category-article"],"acf":{"subtitle":"D\u00e9couvrir les cuisines collectives de La Maisonn\u00e9e.","intro":"Dans un contexte o\u00f9 la hausse du co\u00fbt de la vie peut rendre l\u2019alimentation plus difficile \u00e0 concilier avec le budget familial, diff\u00e9rentes initiatives communautaires permettent de cuisiner, de partager des ressources et de cr\u00e9er des liens. Les cuisines collectives font partie de ces initiatives. ","text":"<p>R\u00e9cemment pr\u00e9sent\u00e9e dans l\u2019article \u00ab Bien manger sans vous ruiner : des ressources pr\u00e8s de chez vous \u00e0 Montr\u00e9al \u00bb, publi\u00e9 par <em>Mon monde en sant\u00e9<\/em> de Sant\u00e9 Qu\u00e9bec Nord-de-l\u2019\u00cele-de-Montr\u00e9al, la cuisine collective de La Maisonn\u00e9e offre un espace o\u00f9 l\u2019alimentation devient \u00e9galement une occasion de rencontres, d\u2019apprentissage et de partage interculturel. Lire leur article ici\u00a0: <a href=\"https:\/\/www.ciusssnordmtl.ca\/nouvelles-et-evenements\/article\/bien-manger-sans-vous-ruiner-des-ressources-pres-de-chez-vous-a-montreal\">https:\/\/www.ciusssnordmtl.ca\/nouvelles-et-evenements\/article\/bien-manger-sans-vous-ruiner-des-ressources-pres-de-chez-vous-a-montreal<\/a><\/p>\n<p><strong>Une cuisine collective au c\u0153ur de la communaut\u00e9.<\/strong><\/p>\n<p>\u00c0 La Maisonn\u00e9e, la cuisine collective r\u00e9unit des personnes, notamment des personnes nouvellement arriv\u00e9es au Qu\u00e9bec, qui souhaitent cuisiner ensemble et partager leurs connaissances. Autour des fourneaux, les participantes et participants peuvent d\u00e9couvrir de nouvelles recettes, \u00e9changer des conseils et apprendre \u00e0 conna\u00eetre diff\u00e9rents aliments et fa\u00e7ons de cuisiner. Chaque rencontre devient ainsi une occasion de faire d\u00e9couvrir les saveurs de son pays d\u2019origine tout en d\u00e9couvrant celles d\u2019ici. La cuisine collective permet \u00e9galement de cr\u00e9er des liens dans un contexte convivial et accessible. Pour les personnes qui viennent de s\u2019installer au Qu\u00e9bec, ces rencontres peuvent repr\u00e9senter une belle occasion de rencontrer d\u2019autres personnes, de d\u00e9velopper leur r\u00e9seau et de participer \u00e0 la vie de leur communaut\u00e9.<\/p>\n<p><strong>Cuisiner et \u00e9conomiser ensemble.<\/strong><\/p>\n<p>La cuisine collective constitue \u00e9galement une fa\u00e7on de r\u00e9duire les co\u00fbts li\u00e9s \u00e0 la pr\u00e9paration des repas. En mettant en commun certains achats et en pr\u00e9parant plusieurs portions \u00e0 la fois, les participantes et participants peuvent r\u00e9aliser des \u00e9conomies tout en pr\u00e9parant des repas vari\u00e9s et nutritifs.<\/p>\n<p>Cette approche permet notamment de :<\/p>\n<ul>\n<li>partager le co\u00fbt des ingr\u00e9dients<\/li>\n<li>pr\u00e9parer plusieurs portions \u00e0 moindre frais<\/li>\n<li>d\u00e9couvrir des recettes \u00e9conomiques et nutritives<\/li>\n<li>d\u00e9velopper ses comp\u00e9tences culinaires<\/li>\n<li>mieux conna\u00eetre les aliments disponibles au Qu\u00e9bec<\/li>\n<li>r\u00e9duire le gaspillage alimentaire<\/li>\n<li>repartir avec des recettes et des id\u00e9es \u00e0 reproduire \u00e0 la maison<\/li>\n<\/ul>\n<p>La cuisine collective contribue ainsi au d\u00e9veloppement de l\u2019autonomie alimentaire, tout en favorisant une approche bas\u00e9e sur l\u2019entraide et le partage des connaissances.<\/p>\n<p><strong>Un espace de partage interculturel.<\/strong><\/p>\n<p>L\u2019une des particularit\u00e9s de la cuisine collective de La Maisonn\u00e9e r\u00e9side dans la diversit\u00e9 des personnes qui y participent. Les recettes pr\u00e9par\u00e9es au fil des rencontres sont \u00e0 l\u2019image de cette diversit\u00e9. Elles permettent de faire d\u00e9couvrir des traditions culinaires venues de diff\u00e9rents pays et de cr\u00e9er des \u00e9changes autour des pratiques alimentaires. Une recette familiale peut ainsi devenir une occasion de raconter une histoire, de transmettre un savoir-faire ou de faire d\u00e9couvrir une culture. Ces \u00e9changes contribuent \u00e0 cr\u00e9er des ponts entre les personnes et \u00e0 valoriser les connaissances et les exp\u00e9riences de chacune et chacun.<\/p>\n<p><strong>Des recettes qui t\u00e9moignent de la diversit\u00e9.<\/strong><\/p>\n<p>Les diff\u00e9rentes rencontres de cuisine collective ont \u00e9galement permis de r\u00e9unir plusieurs recettes dans un <strong>livret de recettes de La Maisonn\u00e9e<\/strong>. Ce document met en valeur des recettes partag\u00e9es dans le cadre des activit\u00e9s et t\u00e9moigne de la richesse des cultures pr\u00e9sentes au sein de La Maisonn\u00e9e. Vous pouvez consulter et d\u00e9couvrir le livret de recettes ici : <a href=\"https:\/\/lamaisonnee.org\/wp-content\/uploads\/2026\/07\/2026_Livret-et-recettes-de-cuisine-LM.pdf\"><strong>Livret de recettes de La Maisonn\u00e9e<\/strong><\/a><\/p>\n<p><strong>Une activit\u00e9 qui favorise les liens sociaux.<\/strong><\/p>\n<p>Au-del\u00e0 de la pr\u00e9paration des repas, les cuisines collectives constituent un espace de socialisation. Cuisiner ensemble permet de prendre le temps d\u2019\u00e9changer, de faire connaissance et de partager des exp\u00e9riences. Dans un contexte o\u00f9 certaines personnes peuvent vivre de l\u2019isolement apr\u00e8s leur arriv\u00e9e au Qu\u00e9bec, ces activit\u00e9s offrent un cadre propice aux rencontres et au d\u00e9veloppement d\u2019un r\u00e9seau social. La cuisine devient alors un outil d\u2019int\u00e9gration et de participation sociale. Elle permet de faire une place aux diff\u00e9rentes cultures tout en cr\u00e9ant un espace commun autour d\u2019une activit\u00e9 accessible \u00e0 toutes et \u00e0 tous.<\/p>\n<p><strong>Un service qui s\u2019inscrit dans la mission de La Maisonn\u00e9e.<\/strong><\/p>\n<p>Fond\u00e9e en 1979, <strong>La Maisonn\u00e9e<\/strong> est un organisme communautaire montr\u00e9alais qui \u0153uvre \u00e0 l\u2019accueil, \u00e0 l\u2019int\u00e9gration et \u00e0 la participation sociale des personnes immigrantes. \u00c0 travers ses diff\u00e9rents services et activit\u00e9s, l\u2019organisme accompagne les personnes nouvellement arriv\u00e9es dans leur parcours d\u2019\u00e9tablissement et favorise leur participation \u00e0 la soci\u00e9t\u00e9 qu\u00e9b\u00e9coise. Les cuisines collectives s\u2019inscrivent dans cette approche en r\u00e9unissant alimentation, autonomie, interculturalit\u00e9 et cr\u00e9ation de liens sociaux. Situ\u00e9e au <strong>6865, avenue Christophe-Colomb \u00e0 Montr\u00e9al<\/strong>, dans le secteur Rosemont\u2013La Petite-Patrie, La Maisonn\u00e9e offre un espace o\u00f9 les personnes peuvent se rencontrer, apprendre et participer \u00e0 diff\u00e9rentes initiatives communautaires.<\/p>\n<p><strong>Aide alimentaire<\/strong><\/p>\n<p>La Maisonn\u00e9e offre \u00e9galement un service d\u2019aide alimentaire destin\u00e9 aux personnes et aux familles qui traversent une p\u00e9riode de difficult\u00e9 financi\u00e8re. Une fois par semaine, un <strong>d\u00e9pannage alimentaire<\/strong> ainsi qu\u2019un <strong>d\u00e9pannage d\u2019urgence<\/strong> peuvent \u00eatre propos\u00e9s, avec des \u00e9piceries compl\u00e8tes offertes, selon l\u2019\u00e9valuation des besoins de la personne ou de la famille. Ce service vise \u00e0 offrir un soutien concret et ponctuel afin de contribuer \u00e0 la s\u00e9curit\u00e9 alimentaire des personnes accompagn\u00e9es, dans une approche respectueuse et bienveillante, une modeste contribution de 4$ est demand\u00e9e.<\/p>\n<p><strong>Envie de cuisiner avec nous ?<\/strong><\/p>\n<p>Vous aimez cuisiner, d\u00e9couvrir de nouvelles recettes ou partager les traditions culinaires de votre pays ? Vous souhaitez rencontrer d\u2019autres personnes et participer \u00e0 une activit\u00e9 collective dans un environnement accueillant ? Les cuisines collectives de La Maisonn\u00e9e sont ouvertes aux personnes qui souhaitent prendre part \u00e0 cette exp\u00e9rience de partage et d\u2019apprentissage. Pour conna\u00eetre les prochaines activit\u00e9s, les modalit\u00e9s de participation ou les possibilit\u00e9s d\u2019inscription, nous vous invitons \u00e0 communiquer avec l\u2019\u00e9quipe de La Maisonn\u00e9e.<br \/>\nParce qu\u2019une cuisine collective, ce n\u2019est pas seulement pr\u00e9parer un repas. C\u2019est aussi partager des savoirs, d\u00e9couvrir des cultures et cr\u00e9er des liens. Pour plus d\u2019informations, ou pour vous inscrire, communiquez avec La Maisonn\u00e9e au <strong>514 271-3533<\/strong> ou \u00e9crivez \u00e0 <a href=\"mailto:mayorie.zouhir_dib@lamaisonnee.org\">mayorie.zouhir_dib@lamaisonnee.org<\/a> ou <a href=\"mailto:yang.yu@lamaisonnee.org\">yang.yu@lamaisonnee.org<\/a><\/p>\n","author":"In\u00e8s Bouteiller - Responsable des communications","link":""},"yoast_head":"<!-- This site is optimized with the Yoast SEO plugin v28.2 - https:\/\/yoast.com\/product\/yoast-seo-wordpress\/ -->\n<title>Cuisiner ensemble ici ! - La Maisonn\u00e9e<\/title>\n<meta name=\"robots\" content=\"index, follow, max-snippet:-1, max-image-preview:large, max-video-preview:-1\" \/>\n<link rel=\"canonical\" href=\"https:\/\/lamaisonnee.org\/fr\/cuisiner-ensemble-ici\/\" \/>\n<meta property=\"og:locale\" content=\"fr_FR\" \/>\n<meta property=\"og:type\" content=\"article\" \/>\n<meta property=\"og:title\" content=\"Cuisiner ensemble ici ! - La Maisonn\u00e9e\" \/>\n<meta property=\"og:url\" content=\"https:\/\/lamaisonnee.org\/fr\/cuisiner-ensemble-ici\/\" \/>\n<meta property=\"og:site_name\" content=\"La Maisonn\u00e9e\" \/>\n<meta property=\"article:published_time\" content=\"2026-08-28T15:34:59+00:00\" \/>\n<meta property=\"og:image\" content=\"https:\/\/lamaisonnee.org\/wp-content\/uploads\/2026\/08\/IMG_1359-scaled-e1787686278616.jpeg\" \/>\n\t<meta property=\"og:image:width\" content=\"1924\" \/>\n\t<meta property=\"og:image:height\" content=\"1293\" \/>\n\t<meta property=\"og:image:type\" content=\"image\/jpeg\" \/>\n<meta name=\"author\" content=\"Ines Bouteiller\" \/>\n<meta name=\"twitter:card\" content=\"summary_large_image\" \/>\n<meta name=\"twitter:label1\" content=\"\u00c9crit par\" \/>\n\t<meta name=\"twitter:data1\" content=\"Ines Bouteiller\" \/>\n\t<meta name=\"twitter:label2\" content=\"Dur\u00e9e de lecture estim\u00e9e\" \/>\n\t<meta name=\"twitter:data2\" content=\"1 minute\" \/>\n<script type=\"application\/ld+json\" class=\"yoast-schema-graph\">{\"@context\":\"https:\\\/\\\/schema.org\",\"@graph\":[{\"@type\":\"Article\",\"@id\":\"https:\\\/\\\/lamaisonnee.org\\\/fr\\\/cuisiner-ensemble-ici\\\/#article\",\"isPartOf\":{\"@id\":\"https:\\\/\\\/lamaisonnee.org\\\/fr\\\/cuisiner-ensemble-ici\\\/\"},\"author\":{\"name\":\"Ines Bouteiller\",\"@id\":\"https:\\\/\\\/lamaisonnee.org\\\/fr\\\/#\\\/schema\\\/person\\\/bfcd9793366ce038e85993007fa36431\"},\"headline\":\"Cuisiner ensemble ici !\",\"datePublished\":\"2026-08-28T15:34:59+00:00\",\"mainEntityOfPage\":{\"@id\":\"https:\\\/\\\/lamaisonnee.org\\\/fr\\\/cuisiner-ensemble-ici\\\/\"},\"wordCount\":3,\"image\":{\"@id\":\"https:\\\/\\\/lamaisonnee.org\\\/fr\\\/cuisiner-ensemble-ici\\\/#primaryimage\"},\"thumbnailUrl\":\"https:\\\/\\\/lamaisonnee.org\\\/wp-content\\\/uploads\\\/2026\\\/08\\\/IMG_1359-scaled-e1787686278616.jpeg\",\"articleSection\":[\"Article\"],\"inLanguage\":\"fr-FR\"},{\"@type\":\"WebPage\",\"@id\":\"https:\\\/\\\/lamaisonnee.org\\\/fr\\\/cuisiner-ensemble-ici\\\/\",\"url\":\"https:\\\/\\\/lamaisonnee.org\\\/fr\\\/cuisiner-ensemble-ici\\\/\",\"name\":\"Cuisiner ensemble ici ! - La Maisonn\u00e9e\",\"isPartOf\":{\"@id\":\"https:\\\/\\\/lamaisonnee.org\\\/fr\\\/#website\"},\"primaryImageOfPage\":{\"@id\":\"https:\\\/\\\/lamaisonnee.org\\\/fr\\\/cuisiner-ensemble-ici\\\/#primaryimage\"},\"image\":{\"@id\":\"https:\\\/\\\/lamaisonnee.org\\\/fr\\\/cuisiner-ensemble-ici\\\/#primaryimage\"},\"thumbnailUrl\":\"https:\\\/\\\/lamaisonnee.org\\\/wp-content\\\/uploads\\\/2026\\\/08\\\/IMG_1359-scaled-e1787686278616.jpeg\",\"datePublished\":\"2026-08-28T15:34:59+00:00\",\"author\":{\"@id\":\"https:\\\/\\\/lamaisonnee.org\\\/fr\\\/#\\\/schema\\\/person\\\/bfcd9793366ce038e85993007fa36431\"},\"breadcrumb\":{\"@id\":\"https:\\\/\\\/lamaisonnee.org\\\/fr\\\/cuisiner-ensemble-ici\\\/#breadcrumb\"},\"inLanguage\":\"fr-FR\",\"potentialAction\":[{\"@type\":\"ReadAction\",\"target\":[\"https:\\\/\\\/lamaisonnee.org\\\/fr\\\/cuisiner-ensemble-ici\\\/\"]}]},{\"@type\":\"ImageObject\",\"inLanguage\":\"fr-FR\",\"@id\":\"https:\\\/\\\/lamaisonnee.org\\\/fr\\\/cuisiner-ensemble-ici\\\/#primaryimage\",\"url\":\"https:\\\/\\\/lamaisonnee.org\\\/wp-content\\\/uploads\\\/2026\\\/08\\\/IMG_1359-scaled-e1787686278616.jpeg\",\"contentUrl\":\"https:\\\/\\\/lamaisonnee.org\\\/wp-content\\\/uploads\\\/2026\\\/08\\\/IMG_1359-scaled-e1787686278616.jpeg\",\"width\":1924,\"height\":1293},{\"@type\":\"BreadcrumbList\",\"@id\":\"https:\\\/\\\/lamaisonnee.org\\\/fr\\\/cuisiner-ensemble-ici\\\/#breadcrumb\",\"itemListElement\":[{\"@type\":\"ListItem\",\"position\":1,\"name\":\"Accueil\",\"item\":\"https:\\\/\\\/lamaisonnee.org\\\/fr\\\/\"},{\"@type\":\"ListItem\",\"position\":2,\"name\":\"Cuisiner ensemble ici !\"}]},{\"@type\":\"WebSite\",\"@id\":\"https:\\\/\\\/lamaisonnee.org\\\/fr\\\/#website\",\"url\":\"https:\\\/\\\/lamaisonnee.org\\\/fr\\\/\",\"name\":\"La Maisonn\u00e9e\",\"description\":\"Aide aux immigrants\",\"potentialAction\":[{\"@type\":\"SearchAction\",\"target\":{\"@type\":\"EntryPoint\",\"urlTemplate\":\"https:\\\/\\\/lamaisonnee.org\\\/fr\\\/?s={search_term_string}\"},\"query-input\":{\"@type\":\"PropertyValueSpecification\",\"valueRequired\":true,\"valueName\":\"search_term_string\"}}],\"inLanguage\":\"fr-FR\"},{\"@type\":\"Person\",\"@id\":\"https:\\\/\\\/lamaisonnee.org\\\/fr\\\/#\\\/schema\\\/person\\\/bfcd9793366ce038e85993007fa36431\",\"name\":\"Ines Bouteiller\",\"image\":{\"@type\":\"ImageObject\",\"inLanguage\":\"fr-FR\",\"@id\":\"https:\\\/\\\/secure.gravatar.com\\\/avatar\\\/e7c0c90f01f6e7c3a5ec4fd5c4c31f3b4f846890cb1bfdac38bfcf0452991011?s=96&d=mm&r=g\",\"url\":\"https:\\\/\\\/secure.gravatar.com\\\/avatar\\\/e7c0c90f01f6e7c3a5ec4fd5c4c31f3b4f846890cb1bfdac38bfcf0452991011?s=96&d=mm&r=g\",\"contentUrl\":\"https:\\\/\\\/secure.gravatar.com\\\/avatar\\\/e7c0c90f01f6e7c3a5ec4fd5c4c31f3b4f846890cb1bfdac38bfcf0452991011?s=96&d=mm&r=g\",\"caption\":\"Ines Bouteiller\"},\"url\":\"https:\\\/\\\/lamaisonnee.org\\\/fr\\\/author\\\/ines_lamaisonnee\\\/\"}]}<\/script>\n<!-- \/ Yoast SEO plugin. -->","yoast_head_json":{"title":"Cuisiner ensemble ici ! - La Maisonn\u00e9e","robots":{"index":"index","follow":"follow","max-snippet":"max-snippet:-1","max-image-preview":"max-image-preview:large","max-video-preview":"max-video-preview:-1"},"canonical":"https:\/\/lamaisonnee.org\/fr\/cuisiner-ensemble-ici\/","og_locale":"fr_FR","og_type":"article","og_title":"Cuisiner ensemble ici ! - La Maisonn\u00e9e","og_url":"https:\/\/lamaisonnee.org\/fr\/cuisiner-ensemble-ici\/","og_site_name":"La Maisonn\u00e9e","article_published_time":"2026-08-28T15:34:59+00:00","og_image":[{"width":1924,"height":1293,"url":"https:\/\/lamaisonnee.org\/wp-content\/uploads\/2026\/08\/IMG_1359-scaled-e1787686278616.jpeg","type":"image\/jpeg"}],"author":"Ines Bouteiller","twitter_card":"summary_large_image","twitter_misc":{"\u00c9crit par":"Ines Bouteiller","Dur\u00e9e de lecture estim\u00e9e":"1 minute"},"schema":{"@context":"https:\/\/schema.org","@graph":[{"@type":"Article","@id":"https:\/\/lamaisonnee.org\/fr\/cuisiner-ensemble-ici\/#article","isPartOf":{"@id":"https:\/\/lamaisonnee.org\/fr\/cuisiner-ensemble-ici\/"},"author":{"name":"Ines Bouteiller","@id":"https:\/\/lamaisonnee.org\/fr\/#\/schema\/person\/bfcd9793366ce038e85993007fa36431"},"headline":"Cuisiner ensemble ici !","datePublished":"2026-08-28T15:34:59+00:00","mainEntityOfPage":{"@id":"https:\/\/lamaisonnee.org\/fr\/cuisiner-ensemble-ici\/"},"wordCount":3,"image":{"@id":"https:\/\/lamaisonnee.org\/fr\/cuisiner-ensemble-ici\/#primaryimage"},"thumbnailUrl":"https:\/\/lamaisonnee.org\/wp-content\/uploads\/2026\/08\/IMG_1359-scaled-e1787686278616.jpeg","articleSection":["Article"],"inLanguage":"fr-FR"},{"@type":"WebPage","@id":"https:\/\/lamaisonnee.org\/fr\/cuisiner-ensemble-ici\/","url":"https:\/\/lamaisonnee.org\/fr\/cuisiner-ensemble-ici\/","name":"Cuisiner ensemble ici ! - La Maisonn\u00e9e","isPartOf":{"@id":"https:\/\/lamaisonnee.org\/fr\/#website"},"primaryImageOfPage":{"@id":"https:\/\/lamaisonnee.org\/fr\/cuisiner-ensemble-ici\/#primaryimage"},"image":{"@id":"https:\/\/lamaisonnee.org\/fr\/cuisiner-ensemble-ici\/#primaryimage"},"thumbnailUrl":"https:\/\/lamaisonnee.org\/wp-content\/uploads\/2026\/08\/IMG_1359-scaled-e1787686278616.jpeg","datePublished":"2026-08-28T15:34:59+00:00","author":{"@id":"https:\/\/lamaisonnee.org\/fr\/#\/schema\/person\/bfcd9793366ce038e85993007fa36431"},"breadcrumb":{"@id":"https:\/\/lamaisonnee.org\/fr\/cuisiner-ensemble-ici\/#breadcrumb"},"inLanguage":"fr-FR","potentialAction":[{"@type":"ReadAction","target":["https:\/\/lamaisonnee.org\/fr\/cuisiner-ensemble-ici\/"]}]},{"@type":"ImageObject","inLanguage":"fr-FR","@id":"https:\/\/lamaisonnee.org\/fr\/cuisiner-ensemble-ici\/#primaryimage","url":"https:\/\/lamaisonnee.org\/wp-content\/uploads\/2026\/08\/IMG_1359-scaled-e1787686278616.jpeg","contentUrl":"https:\/\/lamaisonnee.org\/wp-content\/uploads\/2026\/08\/IMG_1359-scaled-e1787686278616.jpeg","width":1924,"height":1293},{"@type":"BreadcrumbList","@id":"https:\/\/lamaisonnee.org\/fr\/cuisiner-ensemble-ici\/#breadcrumb","itemListElement":[{"@type":"ListItem","position":1,"name":"Accueil","item":"https:\/\/lamaisonnee.org\/fr\/"},{"@type":"ListItem","position":2,"name":"Cuisiner ensemble ici !"}]},{"@type":"WebSite","@id":"https:\/\/lamaisonnee.org\/fr\/#website","url":"https:\/\/lamaisonnee.org\/fr\/","name":"La Maisonn\u00e9e","description":"Aide aux immigrants","potentialAction":[{"@type":"SearchAction","target":{"@type":"EntryPoint","urlTemplate":"https:\/\/lamaisonnee.org\/fr\/?s={search_term_string}"},"query-input":{"@type":"PropertyValueSpecification","valueRequired":true,"valueName":"search_term_string"}}],"inLanguage":"fr-FR"},{"@type":"Person","@id":"https:\/\/lamaisonnee.org\/fr\/#\/schema\/person\/bfcd9793366ce038e85993007fa36431","name":"Ines Bouteiller","image":{"@type":"ImageObject","inLanguage":"fr-FR","@id":"https:\/\/secure.gravatar.com\/avatar\/e7c0c90f01f6e7c3a5ec4fd5c4c31f3b4f846890cb1bfdac38bfcf0452991011?s=96&d=mm&r=g","url":"https:\/\/secure.gravatar.com\/avatar\/e7c0c90f01f6e7c3a5ec4fd5c4c31f3b4f846890cb1bfdac38bfcf0452991011?s=96&d=mm&r=g","contentUrl":"https:\/\/secure.gravatar.com\/avatar\/e7c0c90f01f6e7c3a5ec4fd5c4c31f3b4f846890cb1bfdac38bfcf0452991011?s=96&d=mm&r=g","caption":"Ines Bouteiller"},"url":"https:\/\/lamaisonnee.org\/fr\/author\/ines_lamaisonnee\/"}]}},"_links":{"self":[{"href":"https:\/\/lamaisonnee.org\/fr\/wp-json\/wp\/v2\/posts\/154971","targetHints":{"allow":["GET"]}}],"collection":[{"href":"https:\/\/lamaisonnee.org\/fr\/wp-json\/wp\/v2\/posts"}],"about":[{"href":"https:\/\/lamaisonnee.org\/fr\/wp-json\/wp\/v2\/types\/post"}],"author":[{"embeddable":true,"href":"https:\/\/lamaisonnee.org\/fr\/wp-json\/wp\/v2\/users\/4"}],"replies":[{"embeddable":true,"href":"https:\/\/lamaisonnee.org\/fr\/wp-json\/wp\/v2\/comments?post=154971"}],"version-history":[{"count":1,"href":"https:\/\/lamaisonnee.org\/fr\/wp-json\/wp\/v2\/posts\/154971\/revisions"}],"predecessor-version":[{"id":154974,"href":"https:\/\/lamaisonnee.org\/fr\/wp-json\/wp\/v2\/posts\/154971\/revisions\/154974"}],"wp:featuredmedia":[{"embeddable":true,"href":"https:\/\/lamaisonnee.org\/fr\/wp-json\/wp\/v2\/media\/154972"}],"wp:attachment":[{"href":"https:\/\/lamaisonnee.org\/fr\/wp-json\/wp\/v2\/media?parent=154971"}],"wp:term":[{"taxonomy":"category","embeddable":true,"href":"https:\/\/lamaisonnee.org\/fr\/wp-json\/wp\/v2\/categories?post=154971"}],"curies":[{"name":"wp","href":"https:\/\/api.w.org\/{rel}","templated":true}]}}