{"id":153438,"date":"2026-04-30T14:34:51","date_gmt":"2026-04-30T18:34:51","guid":{"rendered":"https:\/\/lamaisonnee.org\/?p=153438"},"modified":"2026-04-30T14:34:51","modified_gmt":"2026-04-30T18:34:51","slug":"jeunesse-en-action-montreal-2026","status":"publish","type":"post","link":"https:\/\/lamaisonnee.org\/fr\/jeunesse-en-action-montreal-2026\/","title":{"rendered":"Cl\u00f4ture du projet \u00ab Jeunesse immigrante en action \u00bb : Montr\u00e9al inclusive."},"content":{"rendered":"","protected":false},"excerpt":{"rendered":"","protected":false},"author":4,"featured_media":153439,"comment_status":"closed","ping_status":"open","sticky":false,"template":"","format":"standard","meta":{"_acf_changed":false,"footnotes":""},"categories":[25],"class_list":["post-153438","post","type-post","status-publish","format-standard","has-post-thumbnail","hentry","category-article"],"acf":{"subtitle":"Chaque jeune a une voix, et peut contribuer \u00e0 sa communaut\u00e9 ! Alors \u00e9coutons-les et collaborons tous ensemble.","intro":"En ao\u00fbt 2025, La Maisonn\u00e9e pr\u00e9sentait avec enthousiasme le lancement du projet \u00ab Jeunesse immigrante en action pour un avenir commun \u00bb dans le cadre du programme Montr\u00e9al inclusive, invitant partenaires et communaut\u00e9 \u00e0 se mobiliser pour soutenir l\u2019engagement citoyen des jeunes issus de l\u2019immigration. Aujourd\u2019hui, nous revenons sur cette initiative porteuse pour en souligner la r\u00e9ussite remarquable. Au fil des mois, ce projet a su rassembler, inspirer et mobiliser une soixantaine de jeunes, qui ont su transformer cette opportunit\u00e9 en v\u00e9ritable exp\u00e9rience d\u2019engagement et de participation active. Leur parcours t\u00e9moigne non seulement de leur implication, mais aussi de la force du collectif et du potentiel d\u2019une jeunesse d\u00e9termin\u00e9e \u00e0 contribuer \u00e0 un avenir commun inclusif \u00e0 Montr\u00e9al. <br \/>\r\nVendredi 24 avril 2026, La Maisonn\u00e9e a soulign\u00e9 avec fiert\u00e9 la cl\u00f4ture du projet \u00ab Jeunesse immigrante en action pour un avenir commun \u00bb avec un bel \u00e9v\u00e8nement immortalis\u00e9. Cette initiative, visant \u00e0 encourager l\u2019engagement citoyen et \u00e0 offrir des exp\u00e9riences concr\u00e8tes d\u2019implication, a permis de rejoindre plus de 60 jeunes issus de l\u2019immigration \u00e0 Montr\u00e9al. Au cours du projet, les jeunes ont r\u00e9alis\u00e9 diff\u00e9rentes missions b\u00e9n\u00e9voles, telles que la participation \u00e0 des activit\u00e9s communautaires, ainsi que l\u2019implication dans des actions favorisant l\u2019entraide et le vivre-ensemble.<br \/>\r\n","text":"<p><strong>Une c\u00e9l\u00e9bration marquante.<\/strong><\/p>\n<p>Lors de la f\u00eate de cl\u00f4ture, 13 jeunes \u00e9taient pr\u00e9sents. L\u2019\u00e9v\u00e9nement a d\u00e9but\u00e9 par un mot d\u2019ouverture de la direction, le directeur des services de l\u2019accueil et l\u2019Int\u00e9gration, Hameza Othman, et le directeur g\u00e9n\u00e9ral, Wadih Karam. Ils ont soulign\u00e9 l\u2019engagement des jeunes et l\u2019importance de leur participation, suivis d\u2019un diaporama des photos et retours sur le parcours des jeunes participants tout au long du projet \u00ab jeunesse pour un avenir commun \u00bb. La pr\u00e9sence de Madame Audrey Mailloux, Conseill\u00e8re en planification, Section accompagnement territoriale, et Madame Nancy Duncan, Directrice des op\u00e9rations, de l\u2019organisme R\u00e9seau Enfant Retour, a \u00e9galement marqu\u00e9 ce moment.<\/p>\n<p>Une remise de certificats a \u00e9t\u00e9 faite pour souligner l\u2019implication des b\u00e9n\u00e9voles, accompagn\u00e9e d\u2019un tirage de cadeaux. Tout au long de l\u2019activit\u00e9, les jeunes ont pu profiter d\u2019un moment convivial autour de nourriture, \u00e9changer entre eux et \u00e9crire des messages de mur positif. La rencontre s\u2019est termin\u00e9e par un temps libre dans une ambiance festive, permettant aux participants de c\u00e9l\u00e9brer ensemble la fin du projet.<\/p>\n<p><strong>Un projet au c\u0153ur de l\u2019engagement citoyen des jeunes.<\/strong><\/p>\n<p>Le projet \u00ab Jeunesse en action \u00bb s\u2019inscrit dans une volont\u00e9 de favoriser la participation active des jeunes dans la soci\u00e9t\u00e9 qu\u00e9b\u00e9coise. En leur proposant des missions d\u2019engagement concret, l\u2019initiative a permis aux participants de d\u00e9velopper leurs comp\u00e9tences citoyennes, de renforcer leur sentiment d\u2019appartenance et de contribuer activement \u00e0 la vie collective.<\/p>\n<p><strong>Une mobilisation collective et partenariale.<\/strong><\/p>\n<p>La cl\u00f4ture du projet a \u00e9t\u00e9 c\u00e9l\u00e9br\u00e9e en pr\u00e9sence des jeunes participants, des partenaires institutionnels et communautaires, ainsi que de repr\u00e9sentants de la Ville de Montr\u00e9al. Cette collaboration \u00e9troite a jou\u00e9 un r\u00f4le cl\u00e9 dans le succ\u00e8s de l\u2019initiative, illustrant l\u2019importance du travail concert\u00e9 pour favoriser l\u2019inclusion et la participation des jeunes issus de l\u2019immigration.<\/p>\n<p>Parmi les partenaires engag\u00e9s figurent notamment ACOMM Banque alimentaire, le Centre hospitalier de l&rsquo;Universit\u00e9 de Montr\u00e9al (CHUM) et R\u00e9seau Enfant Retour, dont l\u2019implication a contribu\u00e9 \u00e0 enrichir les exp\u00e9riences propos\u00e9es aux jeunes participants.<\/p>\n<p><strong>Un accompagnement humain et engag\u00e9.<\/strong><\/p>\n<p>Le projet a \u00e9t\u00e9 port\u00e9 avec rigueur et sensibilit\u00e9 par Sihame Lebtahi, dont l\u2019engagement a \u00e9t\u00e9 salu\u00e9 par l\u2019ensemble des partenaires et des participants. Son travail a permis de cr\u00e9er un environnement propice \u00e0 l\u2019\u00e9panouissement des jeunes et \u00e0 leur implication durable.<\/p>\n<p><strong>Un cadre institutionnel structurant.<\/strong><\/p>\n<p>La Maisonn\u00e9e tient \u00e0 remercier chaleureusement la Ville de Montr\u00e9al et le minist\u00e8re de l\u2019Immigration, de la Francisation et de l\u2019Int\u00e9gration pour leur soutien constant. Leur engagement envers la jeunesse et l\u2019inclusion est un moteur essentiel de ce projet. Le projet \u00ab Jeunesse immigrante en action pour un avenir commun \u00bb, Montr\u00e9al inclusive, de La Maisonn\u00e9e est r\u00e9alis\u00e9 dans le cadre de l\u2019entente entre le minist\u00e8re de l\u2019Immigration, de la Francisation et de l\u2019Int\u00e9gration et la Ville de Montr\u00e9al (MIFI-Ville 2024-2026).<\/p>\n<p><strong>Une initiative porteuse d\u2019avenir.<\/strong><\/p>\n<p>Au-del\u00e0 des chiffres, ce projet t\u00e9moigne de la capacit\u00e9 des jeunes issus de l\u2019immigration \u00e0 s\u2019engager activement dans leur communaut\u00e9 et \u00e0 contribuer \u00e0 la construction d\u2019un avenir commun. Leur mobilisation rappelle que l\u2019inclusion passe par des actions concr\u00e8tes de participation et par la reconnaissance du potentiel de chaque individu. \u00c0 travers \u00ab Jeunesse en action \u00bb, La Maisonn\u00e9e r\u00e9affirme son engagement \u00e0 accompagner les jeunes dans leur parcours d\u2019int\u00e9gration et \u00e0 favoriser un vivre-ensemble fond\u00e9 sur la solidarit\u00e9, la diversit\u00e9 et l\u2019engagement citoyen. Si vous souhaitez relire l&rsquo;article \u00e0 propos du lancement du projet, c&rsquo;est ici : <a href=\"https:\/\/lamaisonnee.org\/fr\/jeunesse-montreal-inclusive\/\" target=\"_blank\" rel=\"noopener\">https:\/\/lamaisonnee.org\/fr\/jeunesse-montreal-inclusive\/\u00a0<\/a><\/p>\n<p><strong>Envie de collaborer pour d\u2019autres projets jeunesse ? Contactez-nous !<\/strong><\/p>\n<ul>\n<li><strong>Responsable du projet<\/strong> : Sihame Lebtahi \u2013 Intervenante au Volet Jeunesse. T\u00e9l : 514 271-3533, poste 207. Courriel : <a href=\"mailto:sihame.lebtahi@lamaisonnee.org\">sihame.lebtahi@lamaisonnee.org<\/a><\/li>\n<li><strong>Responsable du volet jeunesse<\/strong> : Aline Boire. T\u00e9l : 514 271-3533, poste 261. Courriel : <a href=\"mailto:aline.boire@lamaisonnee.org\">aline.boire@lamaisonnee.org<\/a><\/li>\n<\/ul>\n<p><strong>\u00c0 propos de La Maisonn\u00e9e<\/strong><\/p>\n<p><strong>La Maisonn\u00e9e<\/strong> est un organisme communautaire \u00e0 but non lucratif, enracin\u00e9 \u00e0 Montr\u00e9al depuis 1979. Elle offre des services collectifs et individuels en mati\u00e8re d\u2019accueil, d\u2019int\u00e9gration sociale et professionnelle, principalement destin\u00e9s aux nouveaux arrivants. Chaque ann\u00e9e, nous accompagnons environ 22 000 personnes immigrantes, tous statuts confondus, dans leurs d\u00e9marches d\u2019\u00e9tablissement, d\u2019adaptation culturelle, de recherche d\u2019emploi et de participation citoyenne. Par ses actions, La Maisonn\u00e9e contribue activement au vivre-ensemble Montr\u00e9alais, en sensibilisant autant les personnes immigrantes que la soci\u00e9t\u00e9 d\u2019accueil \u00e0 l\u2019importance du dialogue interculturel, de l\u2019inclusion et de la coh\u00e9sion sociale. Elle joue un r\u00f4le structurant dans l\u2019int\u00e9gration des jeunes et des familles sur le territoire Montr\u00e9alais.<\/p>\n","author":"In\u00e8s Bouteiller - Responsable des communications","link":""},"yoast_head":"<!-- This site is optimized with the Yoast SEO plugin v26.4 - https:\/\/yoast.com\/wordpress\/plugins\/seo\/ -->\n<title>Cl\u00f4ture du projet \u00ab Jeunesse immigrante en action \u00bb : Montr\u00e9al inclusive. - La Maisonn\u00e9e<\/title>\n<meta name=\"description\" content=\"D\u00e9couvrez et c\u00e9l\u00e9brez avec nous la clot\u00fbre du projet jeunesse-en-action-montreal-2026 ! Merci encore \u00e0 La ville de Montr\u00e9al et au gouvernement du Qu\u00e9bec.\" \/>\n<meta name=\"robots\" content=\"index, follow, max-snippet:-1, max-image-preview:large, max-video-preview:-1\" \/>\n<link rel=\"canonical\" href=\"https:\/\/lamaisonnee.org\/fr\/jeunesse-en-action-montreal-2026\/\" \/>\n<meta property=\"og:locale\" content=\"fr_FR\" \/>\n<meta property=\"og:type\" content=\"article\" \/>\n<meta property=\"og:title\" content=\"Cl\u00f4ture du projet \u00ab Jeunesse immigrante en action \u00bb : Montr\u00e9al inclusive. - La Maisonn\u00e9e\" \/>\n<meta property=\"og:description\" content=\"D\u00e9couvrez et c\u00e9l\u00e9brez avec nous la clot\u00fbre du projet jeunesse-en-action-montreal-2026 ! Merci encore \u00e0 La ville de Montr\u00e9al et au gouvernement du Qu\u00e9bec.\" \/>\n<meta property=\"og:url\" content=\"https:\/\/lamaisonnee.org\/fr\/jeunesse-en-action-montreal-2026\/\" \/>\n<meta property=\"og:site_name\" content=\"La Maisonn\u00e9e\" \/>\n<meta property=\"article:published_time\" content=\"2026-04-30T18:34:51+00:00\" \/>\n<meta property=\"og:image\" content=\"https:\/\/lamaisonnee.org\/wp-content\/uploads\/2026\/04\/P1060005-scaled-e1777574001374.jpg\" \/>\n\t<meta property=\"og:image:width\" content=\"2560\" \/>\n\t<meta property=\"og:image:height\" content=\"998\" \/>\n\t<meta property=\"og:image:type\" content=\"image\/jpeg\" \/>\n<meta name=\"author\" content=\"Ines Bouteiller\" \/>\n<meta name=\"twitter:card\" content=\"summary_large_image\" \/>\n<meta name=\"twitter:label1\" content=\"\u00c9crit par\" \/>\n\t<meta name=\"twitter:data1\" content=\"Ines Bouteiller\" \/>\n\t<meta name=\"twitter:label2\" content=\"Dur\u00e9e de lecture estim\u00e9e\" \/>\n\t<meta name=\"twitter:data2\" content=\"1 minute\" \/>\n<script type=\"application\/ld+json\" class=\"yoast-schema-graph\">{\"@context\":\"https:\/\/schema.org\",\"@graph\":[{\"@type\":\"WebPage\",\"@id\":\"https:\/\/lamaisonnee.org\/fr\/jeunesse-en-action-montreal-2026\/\",\"url\":\"https:\/\/lamaisonnee.org\/fr\/jeunesse-en-action-montreal-2026\/\",\"name\":\"Cl\u00f4ture du projet \u00ab Jeunesse immigrante en action \u00bb : Montr\u00e9al inclusive. - La Maisonn\u00e9e\",\"isPartOf\":{\"@id\":\"https:\/\/lamaisonnee.org\/fr\/#website\"},\"primaryImageOfPage\":{\"@id\":\"https:\/\/lamaisonnee.org\/fr\/jeunesse-en-action-montreal-2026\/#primaryimage\"},\"image\":{\"@id\":\"https:\/\/lamaisonnee.org\/fr\/jeunesse-en-action-montreal-2026\/#primaryimage\"},\"thumbnailUrl\":\"https:\/\/lamaisonnee.org\/wp-content\/uploads\/2026\/04\/P1060005-scaled-e1777574001374.jpg\",\"datePublished\":\"2026-04-30T18:34:51+00:00\",\"author\":{\"@id\":\"https:\/\/lamaisonnee.org\/fr\/#\/schema\/person\/bfcd9793366ce038e85993007fa36431\"},\"description\":\"D\u00e9couvrez et c\u00e9l\u00e9brez avec nous la clot\u00fbre du projet jeunesse-en-action-montreal-2026 ! Merci encore \u00e0 La ville de Montr\u00e9al et au gouvernement du Qu\u00e9bec.\",\"breadcrumb\":{\"@id\":\"https:\/\/lamaisonnee.org\/fr\/jeunesse-en-action-montreal-2026\/#breadcrumb\"},\"inLanguage\":\"fr-FR\",\"potentialAction\":[{\"@type\":\"ReadAction\",\"target\":[\"https:\/\/lamaisonnee.org\/fr\/jeunesse-en-action-montreal-2026\/\"]}]},{\"@type\":\"ImageObject\",\"inLanguage\":\"fr-FR\",\"@id\":\"https:\/\/lamaisonnee.org\/fr\/jeunesse-en-action-montreal-2026\/#primaryimage\",\"url\":\"https:\/\/lamaisonnee.org\/wp-content\/uploads\/2026\/04\/P1060005-scaled-e1777574001374.jpg\",\"contentUrl\":\"https:\/\/lamaisonnee.org\/wp-content\/uploads\/2026\/04\/P1060005-scaled-e1777574001374.jpg\",\"width\":2560,\"height\":998},{\"@type\":\"BreadcrumbList\",\"@id\":\"https:\/\/lamaisonnee.org\/fr\/jeunesse-en-action-montreal-2026\/#breadcrumb\",\"itemListElement\":[{\"@type\":\"ListItem\",\"position\":1,\"name\":\"Accueil\",\"item\":\"https:\/\/lamaisonnee.org\/fr\/\"},{\"@type\":\"ListItem\",\"position\":2,\"name\":\"Cl\u00f4ture du projet \u00ab Jeunesse immigrante en action \u00bb : Montr\u00e9al inclusive.\"}]},{\"@type\":\"WebSite\",\"@id\":\"https:\/\/lamaisonnee.org\/fr\/#website\",\"url\":\"https:\/\/lamaisonnee.org\/fr\/\",\"name\":\"La Maisonn\u00e9e\",\"description\":\"Aide aux immigrants\",\"potentialAction\":[{\"@type\":\"SearchAction\",\"target\":{\"@type\":\"EntryPoint\",\"urlTemplate\":\"https:\/\/lamaisonnee.org\/fr\/?s={search_term_string}\"},\"query-input\":{\"@type\":\"PropertyValueSpecification\",\"valueRequired\":true,\"valueName\":\"search_term_string\"}}],\"inLanguage\":\"fr-FR\"},{\"@type\":\"Person\",\"@id\":\"https:\/\/lamaisonnee.org\/fr\/#\/schema\/person\/bfcd9793366ce038e85993007fa36431\",\"name\":\"Ines Bouteiller\",\"image\":{\"@type\":\"ImageObject\",\"inLanguage\":\"fr-FR\",\"@id\":\"https:\/\/lamaisonnee.org\/fr\/#\/schema\/person\/image\/\",\"url\":\"https:\/\/secure.gravatar.com\/avatar\/e7c0c90f01f6e7c3a5ec4fd5c4c31f3b4f846890cb1bfdac38bfcf0452991011?s=96&d=mm&r=g\",\"contentUrl\":\"https:\/\/secure.gravatar.com\/avatar\/e7c0c90f01f6e7c3a5ec4fd5c4c31f3b4f846890cb1bfdac38bfcf0452991011?s=96&d=mm&r=g\",\"caption\":\"Ines Bouteiller\"},\"url\":\"https:\/\/lamaisonnee.org\/fr\/author\/ines_lamaisonnee\/\"}]}<\/script>\n<!-- \/ Yoast SEO plugin. -->","yoast_head_json":{"title":"Cl\u00f4ture du projet \u00ab Jeunesse immigrante en action \u00bb : Montr\u00e9al inclusive. - La Maisonn\u00e9e","description":"D\u00e9couvrez et c\u00e9l\u00e9brez avec nous la clot\u00fbre du projet jeunesse-en-action-montreal-2026 ! Merci encore \u00e0 La ville de Montr\u00e9al et au gouvernement du Qu\u00e9bec.","robots":{"index":"index","follow":"follow","max-snippet":"max-snippet:-1","max-image-preview":"max-image-preview:large","max-video-preview":"max-video-preview:-1"},"canonical":"https:\/\/lamaisonnee.org\/fr\/jeunesse-en-action-montreal-2026\/","og_locale":"fr_FR","og_type":"article","og_title":"Cl\u00f4ture du projet \u00ab Jeunesse immigrante en action \u00bb : Montr\u00e9al inclusive. - La Maisonn\u00e9e","og_description":"D\u00e9couvrez et c\u00e9l\u00e9brez avec nous la clot\u00fbre du projet jeunesse-en-action-montreal-2026 ! Merci encore \u00e0 La ville de Montr\u00e9al et au gouvernement du Qu\u00e9bec.","og_url":"https:\/\/lamaisonnee.org\/fr\/jeunesse-en-action-montreal-2026\/","og_site_name":"La Maisonn\u00e9e","article_published_time":"2026-04-30T18:34:51+00:00","og_image":[{"width":2560,"height":998,"url":"https:\/\/lamaisonnee.org\/wp-content\/uploads\/2026\/04\/P1060005-scaled-e1777574001374.jpg","type":"image\/jpeg"}],"author":"Ines Bouteiller","twitter_card":"summary_large_image","twitter_misc":{"\u00c9crit par":"Ines Bouteiller","Dur\u00e9e de lecture estim\u00e9e":"1 minute"},"schema":{"@context":"https:\/\/schema.org","@graph":[{"@type":"WebPage","@id":"https:\/\/lamaisonnee.org\/fr\/jeunesse-en-action-montreal-2026\/","url":"https:\/\/lamaisonnee.org\/fr\/jeunesse-en-action-montreal-2026\/","name":"Cl\u00f4ture du projet \u00ab Jeunesse immigrante en action \u00bb : Montr\u00e9al inclusive. - La Maisonn\u00e9e","isPartOf":{"@id":"https:\/\/lamaisonnee.org\/fr\/#website"},"primaryImageOfPage":{"@id":"https:\/\/lamaisonnee.org\/fr\/jeunesse-en-action-montreal-2026\/#primaryimage"},"image":{"@id":"https:\/\/lamaisonnee.org\/fr\/jeunesse-en-action-montreal-2026\/#primaryimage"},"thumbnailUrl":"https:\/\/lamaisonnee.org\/wp-content\/uploads\/2026\/04\/P1060005-scaled-e1777574001374.jpg","datePublished":"2026-04-30T18:34:51+00:00","author":{"@id":"https:\/\/lamaisonnee.org\/fr\/#\/schema\/person\/bfcd9793366ce038e85993007fa36431"},"description":"D\u00e9couvrez et c\u00e9l\u00e9brez avec nous la clot\u00fbre du projet jeunesse-en-action-montreal-2026 ! Merci encore \u00e0 La ville de Montr\u00e9al et au gouvernement du Qu\u00e9bec.","breadcrumb":{"@id":"https:\/\/lamaisonnee.org\/fr\/jeunesse-en-action-montreal-2026\/#breadcrumb"},"inLanguage":"fr-FR","potentialAction":[{"@type":"ReadAction","target":["https:\/\/lamaisonnee.org\/fr\/jeunesse-en-action-montreal-2026\/"]}]},{"@type":"ImageObject","inLanguage":"fr-FR","@id":"https:\/\/lamaisonnee.org\/fr\/jeunesse-en-action-montreal-2026\/#primaryimage","url":"https:\/\/lamaisonnee.org\/wp-content\/uploads\/2026\/04\/P1060005-scaled-e1777574001374.jpg","contentUrl":"https:\/\/lamaisonnee.org\/wp-content\/uploads\/2026\/04\/P1060005-scaled-e1777574001374.jpg","width":2560,"height":998},{"@type":"BreadcrumbList","@id":"https:\/\/lamaisonnee.org\/fr\/jeunesse-en-action-montreal-2026\/#breadcrumb","itemListElement":[{"@type":"ListItem","position":1,"name":"Accueil","item":"https:\/\/lamaisonnee.org\/fr\/"},{"@type":"ListItem","position":2,"name":"Cl\u00f4ture du projet \u00ab Jeunesse immigrante en action \u00bb : Montr\u00e9al inclusive."}]},{"@type":"WebSite","@id":"https:\/\/lamaisonnee.org\/fr\/#website","url":"https:\/\/lamaisonnee.org\/fr\/","name":"La Maisonn\u00e9e","description":"Aide aux immigrants","potentialAction":[{"@type":"SearchAction","target":{"@type":"EntryPoint","urlTemplate":"https:\/\/lamaisonnee.org\/fr\/?s={search_term_string}"},"query-input":{"@type":"PropertyValueSpecification","valueRequired":true,"valueName":"search_term_string"}}],"inLanguage":"fr-FR"},{"@type":"Person","@id":"https:\/\/lamaisonnee.org\/fr\/#\/schema\/person\/bfcd9793366ce038e85993007fa36431","name":"Ines Bouteiller","image":{"@type":"ImageObject","inLanguage":"fr-FR","@id":"https:\/\/lamaisonnee.org\/fr\/#\/schema\/person\/image\/","url":"https:\/\/secure.gravatar.com\/avatar\/e7c0c90f01f6e7c3a5ec4fd5c4c31f3b4f846890cb1bfdac38bfcf0452991011?s=96&d=mm&r=g","contentUrl":"https:\/\/secure.gravatar.com\/avatar\/e7c0c90f01f6e7c3a5ec4fd5c4c31f3b4f846890cb1bfdac38bfcf0452991011?s=96&d=mm&r=g","caption":"Ines Bouteiller"},"url":"https:\/\/lamaisonnee.org\/fr\/author\/ines_lamaisonnee\/"}]}},"_links":{"self":[{"href":"https:\/\/lamaisonnee.org\/fr\/wp-json\/wp\/v2\/posts\/153438","targetHints":{"allow":["GET"]}}],"collection":[{"href":"https:\/\/lamaisonnee.org\/fr\/wp-json\/wp\/v2\/posts"}],"about":[{"href":"https:\/\/lamaisonnee.org\/fr\/wp-json\/wp\/v2\/types\/post"}],"author":[{"embeddable":true,"href":"https:\/\/lamaisonnee.org\/fr\/wp-json\/wp\/v2\/users\/4"}],"replies":[{"embeddable":true,"href":"https:\/\/lamaisonnee.org\/fr\/wp-json\/wp\/v2\/comments?post=153438"}],"version-history":[{"count":1,"href":"https:\/\/lamaisonnee.org\/fr\/wp-json\/wp\/v2\/posts\/153438\/revisions"}],"predecessor-version":[{"id":153441,"href":"https:\/\/lamaisonnee.org\/fr\/wp-json\/wp\/v2\/posts\/153438\/revisions\/153441"}],"wp:featuredmedia":[{"embeddable":true,"href":"https:\/\/lamaisonnee.org\/fr\/wp-json\/wp\/v2\/media\/153439"}],"wp:attachment":[{"href":"https:\/\/lamaisonnee.org\/fr\/wp-json\/wp\/v2\/media?parent=153438"}],"wp:term":[{"taxonomy":"category","embeddable":true,"href":"https:\/\/lamaisonnee.org\/fr\/wp-json\/wp\/v2\/categories?post=153438"}],"curies":[{"name":"wp","href":"https:\/\/api.w.org\/{rel}","templated":true}]}}